{"id":3796,"date":"2018-09-17T09:31:45","date_gmt":"2018-09-17T07:31:45","guid":{"rendered":"https:\/\/www.antigua-luberri.net\/?p=3796"},"modified":"2018-09-17T16:20:48","modified_gmt":"2018-09-17T14:20:48","slug":"intercambio-con-brecht-schule-de-hamburgo","status":"publish","type":"post","link":"https:\/\/www.antigua-luberri.net\/es\/intercambio-con-brecht-schule-de-hamburgo\/","title":{"rendered":"Intercambio con BRECHT SCHULE de Hamburgo"},"content":{"rendered":"<p style=\"text-align: center;\"><strong>\u00a1\u00a1 Vienen los alemanes !!!<\/strong><\/p>\n<p style=\"text-align: left;\">Ahora les toca venir a nuestros compa\u00f1eros de intercambio alemanes. Si nosotros fuimos y tuvimos la oportunidad de sumergirnos en la vida escolar y familiar de la Brecht-Schule de Hamburgo: pudiendo participar de su forma de vida y a la vez practicando idiomas (el ingl\u00e9s y el alem\u00e1n), esta vez son ellos los que tendr\u00e1n la oportunidad de conocernos.<br \/>\nEn cuanto a las actividades, los estudiantes de ambos pa\u00edses participaran en salidas culturales en San Sebasti\u00e1n y alrededores. \u00a1Os mantendremos informados!<\/p>\n<p style=\"text-align: center;\">Este intercambio se sit\u00faa dentro del proyecto europeo de <strong>ELOS<\/strong>. <a id=\"m_569897788488552141LPlnk845380\" href=\"https:\/\/elosbasquecountry.wordpress.com\/\" target=\"_blank\" rel=\"noopener noreferrer\" data-saferedirecturl=\"https:\/\/www.google.com\/url?hl=es&amp;q=https:\/\/elosbasquecountry.wordpress.com\/&amp;source=gmail&amp;ust=1537277288609000&amp;usg=AFQjCNF9S1S5_DbyIYydXxealFDffVflWQ\"> <\/a><\/p>\n<p style=\"text-align: center;\"><a id=\"m_569897788488552141LPlnk845380\" href=\"https:\/\/elosbasquecountry.wordpress.com\/\" target=\"_blank\" rel=\"noopener noreferrer\" data-saferedirecturl=\"https:\/\/www.google.com\/url?hl=es&amp;q=https:\/\/elosbasquecountry.wordpress.com\/&amp;source=gmail&amp;ust=1537277288609000&amp;usg=AFQjCNF9S1S5_DbyIYydXxealFDffVflWQ\">https:\/\/elosbasquecountry.<wbr \/>wordpress.com\/<\/a><\/p>\n<p style=\"text-align: center;\"><strong>V<\/strong><em>iel<\/em><strong> Spa\u00df!<\/strong><\/p>\n<p><a href=\"https:\/\/www.antigua-luberri.net\/wp-content\/uploads\/2018\/09\/hamburgo-2018.jpg\" target=\"_blank\" rel=\"noopener\"><strong><img loading=\"lazy\" decoding=\"async\" class=\"aligncenter wp-image-3798 size-full\" src=\"https:\/\/www.antigua-luberri.net\/wp-content\/uploads\/2018\/09\/hamburgo-2018.jpg\" alt=\"\" width=\"1443\" height=\"1443\" srcset=\"https:\/\/www.antigua-luberri.net\/wp-content\/uploads\/2018\/09\/hamburgo-2018.jpg 1443w, https:\/\/www.antigua-luberri.net\/wp-content\/uploads\/2018\/09\/hamburgo-2018-150x150.jpg 150w, https:\/\/www.antigua-luberri.net\/wp-content\/uploads\/2018\/09\/hamburgo-2018-300x300.jpg 300w, https:\/\/www.antigua-luberri.net\/wp-content\/uploads\/2018\/09\/hamburgo-2018-768x768.jpg 768w, https:\/\/www.antigua-luberri.net\/wp-content\/uploads\/2018\/09\/hamburgo-2018-1024x1024.jpg 1024w, https:\/\/www.antigua-luberri.net\/wp-content\/uploads\/2018\/09\/hamburgo-2018-1080x1080.jpg 1080w, https:\/\/www.antigua-luberri.net\/wp-content\/uploads\/2018\/09\/hamburgo-2018-440x440.jpg 440w\" sizes=\"(max-width: 1443px) 100vw, 1443px\" \/><\/strong><\/a><\/p>\n","protected":false},"excerpt":{"rendered":"<p>\u00a1\u00a1 Vienen los alemanes !!! Ahora les toca venir a nuestros compa\u00f1eros de intercambio alemanes. Si nosotros fuimos y tuvimos la oportunidad de sumergirnos en la vida escolar y familiar de la Brecht-Schule de Hamburgo: pudiendo participar de su forma de vida y a la vez practicando idiomas (el ingl\u00e9s y el alem\u00e1n), esta vez [&hellip;]<\/p>\n","protected":false},"author":3,"featured_media":3801,"comment_status":"closed","ping_status":"closed","sticky":false,"template":"","format":"standard","meta":{"_et_pb_use_builder":"off","_et_pb_old_content":"<p>Irailaren 20tik 27ra ANTIGUA-LUBERRIKO batxilergoko 2.mailako ikasleak Hamburgoko BRECHT SCHULE eskolako ikasleei harrera egingo diete. Gure ikasleak apirilaren 19tik 26ra Alemanian egon ondoren, beraiek gure artean izateko garaia iritsi da. Ikastetxean eta familiekin egoteaz gain, bisita kulturalak ere egingo dituzte. Primeran pasako dutelakoan gaude. <strong>V<\/strong><em>iel<\/em><strong> Spa\u00df!<\/strong><\/p><p>\u00a0<\/p><p>\u00a0<\/p>","_et_gb_content_width":"","footnotes":""},"categories":[29],"tags":[],"class_list":["post-3796","post","type-post","status-publish","format-standard","has-post-thumbnail","hentry","category-noticias","et-has-post-format-content","et_post_format-et-post-format-standard"],"_links":{"self":[{"href":"https:\/\/www.antigua-luberri.net\/es\/wp-json\/wp\/v2\/posts\/3796","targetHints":{"allow":["GET"]}}],"collection":[{"href":"https:\/\/www.antigua-luberri.net\/es\/wp-json\/wp\/v2\/posts"}],"about":[{"href":"https:\/\/www.antigua-luberri.net\/es\/wp-json\/wp\/v2\/types\/post"}],"author":[{"embeddable":true,"href":"https:\/\/www.antigua-luberri.net\/es\/wp-json\/wp\/v2\/users\/3"}],"replies":[{"embeddable":true,"href":"https:\/\/www.antigua-luberri.net\/es\/wp-json\/wp\/v2\/comments?post=3796"}],"version-history":[{"count":7,"href":"https:\/\/www.antigua-luberri.net\/es\/wp-json\/wp\/v2\/posts\/3796\/revisions"}],"predecessor-version":[{"id":3830,"href":"https:\/\/www.antigua-luberri.net\/es\/wp-json\/wp\/v2\/posts\/3796\/revisions\/3830"}],"wp:featuredmedia":[{"embeddable":true,"href":"https:\/\/www.antigua-luberri.net\/es\/wp-json\/wp\/v2\/media\/3801"}],"wp:attachment":[{"href":"https:\/\/www.antigua-luberri.net\/es\/wp-json\/wp\/v2\/media?parent=3796"}],"wp:term":[{"taxonomy":"category","embeddable":true,"href":"https:\/\/www.antigua-luberri.net\/es\/wp-json\/wp\/v2\/categories?post=3796"},{"taxonomy":"post_tag","embeddable":true,"href":"https:\/\/www.antigua-luberri.net\/es\/wp-json\/wp\/v2\/tags?post=3796"}],"curies":[{"name":"wp","href":"https:\/\/api.w.org\/{rel}","templated":true}]}}