{"id":18762,"date":"2026-04-27T18:03:57","date_gmt":"2026-04-27T16:03:57","guid":{"rendered":"https:\/\/www.antigua-luberri.net\/?p=18762"},"modified":"2026-04-27T18:03:57","modified_gmt":"2026-04-27T16:03:57","slug":"nueva-cancion-con-iker-lauroba-2","status":"publish","type":"post","link":"https:\/\/www.antigua-luberri.net\/es\/nueva-cancion-con-iker-lauroba-2\/","title":{"rendered":"Nueva canci\u00f3n con Iker Lauroba"},"content":{"rendered":"<div id=\"output_text_dummy\" class=\"form-div minimal p-0 flex-grow-1\">\n<div style=\"text-align: center;\"><span id=\"tgt_sent_0\"><span class=\"interactive\">Los<\/span> <span class=\"interactive\">alumnos<\/span> <span class=\"interactive\">de<\/span> <span class=\"interactive\">las<\/span> <span class=\"interactive\">asignaturas<\/span> <span class=\"interactive\">de<\/span> <span class=\"interactive\">M\u00fasica<\/span> <span class=\"interactive\">de<\/span> <span class=\"interactive\">Bachillerato<\/span> <span class=\"interactive\">acaban<\/span> <span class=\"interactive\">de<\/span> <span class=\"interactive\">crear<\/span> <span class=\"interactive\">esta<\/span> <span class=\"interactive\">canci\u00f3n.<\/span><\/span><\/div>\n<div style=\"text-align: center;\"><span id=\"tgt_sent_1\"><span class=\"interactive\">A partir de la <\/span><span class=\"interactive\">base<\/span> <span class=\"interactive\">que les ha proporcionado<\/span> <span class=\"interactive\">Iker<\/span> <span class=\"interactive\">Lauroba,<\/span><\/span><\/div>\n<div style=\"text-align: center;\"><span id=\"tgt_sent_2\"><span class=\"interactive\">han<\/span> <span class=\"interactive\">inventado<\/span> <span class=\"interactive\">la<\/span> <span class=\"interactive\">melod\u00eda<\/span> <span class=\"interactive\">y<\/span> <span class=\"interactive\">la<\/span> <span class=\"interactive\">letra<\/span> <span class=\"interactive\">y<\/span> <span class=\"interactive\">despu\u00e9s<\/span> <span class=\"interactive\">han<\/span> <span class=\"interactive\">grabado<\/span> <span class=\"interactive\">con<\/span>juntamente,<\/span><\/div>\n<div style=\"text-align: center;\"><span id=\"tgt_sent_3\"><span class=\"interactive\">para<\/span> <span class=\"interactive\">el<\/span> <span class=\"interactive\">30<\/span> <span class=\"interactive\">aniversario<\/span> <span class=\"interactive\">de<\/span> <span class=\"interactive\">Antiguo-Luberri<\/span> <span class=\"interactive\">que<\/span> <span class=\"interactive\">se<\/span> <span class=\"interactive\">celebrar\u00e1<\/span> <span class=\"interactive\">el<\/span> <span class=\"interactive\">pr\u00f3ximo<\/span> <span class=\"interactive\">curso.<\/span><\/span><\/div>\n<div style=\"text-align: center;\"><\/div>\n<\/div>\n<p>&nbsp;<\/p>\n<p style=\"text-align: center;\"><iframe loading=\"lazy\" style=\"border: 0px;\" title=\"LuberrirakoAbestia\" src=\"https:\/\/peertube.eus\/videos\/embed\/dKCvR3vnbia5WtMSnnmrFY\" width=\"560\" height=\"315\" sandbox=\"allow-same-origin allow-scripts allow-popups allow-forms\"><\/iframe><\/p>\n","protected":false},"excerpt":{"rendered":"<p>Los alumnos de las asignaturas de M\u00fasica de Bachillerato acaban de crear esta canci\u00f3n. A partir de la base que les ha proporcionado Iker Lauroba, han inventado la melod\u00eda y la letra y despu\u00e9s han grabado conjuntamente, para el 30 aniversario de Antiguo-Luberri que se celebrar\u00e1 el pr\u00f3ximo curso. &nbsp;<\/p>\n","protected":false},"author":3,"featured_media":18756,"comment_status":"closed","ping_status":"closed","sticky":false,"template":"","format":"standard","meta":{"_et_pb_use_builder":"","_et_pb_old_content":"","_et_gb_content_width":"","footnotes":""},"categories":[29],"tags":[],"class_list":["post-18762","post","type-post","status-publish","format-standard","has-post-thumbnail","hentry","category-noticias","et-has-post-format-content","et_post_format-et-post-format-standard"],"_links":{"self":[{"href":"https:\/\/www.antigua-luberri.net\/es\/wp-json\/wp\/v2\/posts\/18762","targetHints":{"allow":["GET"]}}],"collection":[{"href":"https:\/\/www.antigua-luberri.net\/es\/wp-json\/wp\/v2\/posts"}],"about":[{"href":"https:\/\/www.antigua-luberri.net\/es\/wp-json\/wp\/v2\/types\/post"}],"author":[{"embeddable":true,"href":"https:\/\/www.antigua-luberri.net\/es\/wp-json\/wp\/v2\/users\/3"}],"replies":[{"embeddable":true,"href":"https:\/\/www.antigua-luberri.net\/es\/wp-json\/wp\/v2\/comments?post=18762"}],"version-history":[{"count":1,"href":"https:\/\/www.antigua-luberri.net\/es\/wp-json\/wp\/v2\/posts\/18762\/revisions"}],"predecessor-version":[{"id":18763,"href":"https:\/\/www.antigua-luberri.net\/es\/wp-json\/wp\/v2\/posts\/18762\/revisions\/18763"}],"wp:featuredmedia":[{"embeddable":true,"href":"https:\/\/www.antigua-luberri.net\/es\/wp-json\/wp\/v2\/media\/18756"}],"wp:attachment":[{"href":"https:\/\/www.antigua-luberri.net\/es\/wp-json\/wp\/v2\/media?parent=18762"}],"wp:term":[{"taxonomy":"category","embeddable":true,"href":"https:\/\/www.antigua-luberri.net\/es\/wp-json\/wp\/v2\/categories?post=18762"},{"taxonomy":"post_tag","embeddable":true,"href":"https:\/\/www.antigua-luberri.net\/es\/wp-json\/wp\/v2\/tags?post=18762"}],"curies":[{"name":"wp","href":"https:\/\/api.w.org\/{rel}","templated":true}]}}