{"id":18478,"date":"2026-03-12T20:47:47","date_gmt":"2026-03-12T19:47:47","guid":{"rendered":"https:\/\/www.antigua-luberri.net\/?p=18478"},"modified":"2026-03-12T21:49:11","modified_gmt":"2026-03-12T20:49:11","slug":"arte-y-derechos-humanos","status":"publish","type":"post","link":"https:\/\/www.antigua-luberri.net\/es\/arte-y-derechos-humanos\/","title":{"rendered":"Arte y derechos humanos"},"content":{"rendered":"<p style=\"text-align: center;\">Dos murales de grupo y una obra individual creadas por alumnos del centro han sido elegidos para participar<\/p>\n<p style=\"text-align: center;\">en la <strong>22\u00aa edici\u00f3n del concurso de\u00a0 Arte y Derechos humanos<\/strong> promovido por el Ayuntamiento de Donostia.<\/p>\n<p style=\"text-align: center;\">El plazo para participar en la votaci\u00f3n es hasta el <strong>27 de marzo<\/strong>.<\/p>\n<p style=\"text-align: center;\">An\u00edmate, reg\u00edstrate y da tu voto en este <a href=\"https:\/\/www.donostia.eus\/GizaEskubideak\/concursos.nsf\/fwVotacionCarteles?ReadForm&amp;CATE=D1DBBE34EDEA58ACC1257DF5003F6EDD&amp;mail=&amp;idconfirm=&amp;id=&amp;idioma=cas\">enlace<\/a>!!<\/p>\n<p style=\"text-align: center;\"><a href=\"https:\/\/www.antigua-luberri.net\/wp-content\/uploads\/2026\/03\/ArteaGizaEskubideak.pdf\"><img loading=\"lazy\" decoding=\"async\" class=\"alignnone size-full wp-image-18473\" src=\"https:\/\/www.antigua-luberri.net\/wp-content\/uploads\/2026\/03\/ArteaGizaEskubideakPDF.png\" alt=\"\" width=\"529\" height=\"746\" srcset=\"https:\/\/www.antigua-luberri.net\/wp-content\/uploads\/2026\/03\/ArteaGizaEskubideakPDF.png 529w, https:\/\/www.antigua-luberri.net\/wp-content\/uploads\/2026\/03\/ArteaGizaEskubideakPDF-213x300.png 213w\" sizes=\"(max-width: 529px) 100vw, 529px\" \/><\/a><\/p>\n","protected":false},"excerpt":{"rendered":"<p>Dos murales de grupo y una obra individual creadas por alumnos del centro han sido elegidos para participar en la 22\u00aa edici\u00f3n del concurso de\u00a0 Arte y Derechos humanos promovido por el Ayuntamiento de Donostia. El plazo para participar en la votaci\u00f3n es hasta el 27 de marzo. An\u00edmate, reg\u00edstrate y da tu voto en [&hellip;]<\/p>\n","protected":false},"author":3,"featured_media":18472,"comment_status":"closed","ping_status":"closed","sticky":false,"template":"","format":"standard","meta":{"_et_pb_use_builder":"","_et_pb_old_content":"","_et_gb_content_width":"","footnotes":""},"categories":[29],"tags":[],"class_list":["post-18478","post","type-post","status-publish","format-standard","has-post-thumbnail","hentry","category-noticias","et-has-post-format-content","et_post_format-et-post-format-standard"],"_links":{"self":[{"href":"https:\/\/www.antigua-luberri.net\/es\/wp-json\/wp\/v2\/posts\/18478","targetHints":{"allow":["GET"]}}],"collection":[{"href":"https:\/\/www.antigua-luberri.net\/es\/wp-json\/wp\/v2\/posts"}],"about":[{"href":"https:\/\/www.antigua-luberri.net\/es\/wp-json\/wp\/v2\/types\/post"}],"author":[{"embeddable":true,"href":"https:\/\/www.antigua-luberri.net\/es\/wp-json\/wp\/v2\/users\/3"}],"replies":[{"embeddable":true,"href":"https:\/\/www.antigua-luberri.net\/es\/wp-json\/wp\/v2\/comments?post=18478"}],"version-history":[{"count":2,"href":"https:\/\/www.antigua-luberri.net\/es\/wp-json\/wp\/v2\/posts\/18478\/revisions"}],"predecessor-version":[{"id":18482,"href":"https:\/\/www.antigua-luberri.net\/es\/wp-json\/wp\/v2\/posts\/18478\/revisions\/18482"}],"wp:featuredmedia":[{"embeddable":true,"href":"https:\/\/www.antigua-luberri.net\/es\/wp-json\/wp\/v2\/media\/18472"}],"wp:attachment":[{"href":"https:\/\/www.antigua-luberri.net\/es\/wp-json\/wp\/v2\/media?parent=18478"}],"wp:term":[{"taxonomy":"category","embeddable":true,"href":"https:\/\/www.antigua-luberri.net\/es\/wp-json\/wp\/v2\/categories?post=18478"},{"taxonomy":"post_tag","embeddable":true,"href":"https:\/\/www.antigua-luberri.net\/es\/wp-json\/wp\/v2\/tags?post=18478"}],"curies":[{"name":"wp","href":"https:\/\/api.w.org\/{rel}","templated":true}]}}